{"id":2304,"date":"2023-05-30T17:20:01","date_gmt":"2023-05-30T15:20:01","guid":{"rendered":"https:\/\/silenccio.axa.ch\/?p=2304"},"modified":"2026-04-13T11:20:22","modified_gmt":"2026-04-13T09:20:22","slug":"cyberharcelement-chats-prives","status":"publish","type":"post","link":"https:\/\/silenccio.axa.ch\/fr\/cyberharcelement-chats-prives\/","title":{"rendered":"Cyberharc\u00e8lement \u2013 Chats priv\u00e9s"},"content":{"rendered":"\n<p>Vous \u00eates victime de cyberharc\u00e8lement? Voici ce que vous pouvez faire:<\/p>\n\n\n\n<p><strong>Dans des groupes de discussion \u00absemi-priv\u00e9s\u00bb comme WhatsApp:<\/strong><strong><\/strong><\/p>\n\n\n\n<ul class=\"wp-block-list\"><li>Faites imp\u00e9rativement une capture d\u2019\u00e9cran du commentaire haineux. Le nom de la plate-forme, le commentaire ainsi que la date et l\u2019heure de ce dernier doivent y \u00eatre visibles. Ces \u00e9l\u00e9ments peuvent se r\u00e9v\u00e9ler importants si de telles remarques se multiplient et si vous souhaitez engager des poursuites.<\/li><li>Retirez ou faites retirer du groupe la personne \u00e0 l\u2019origine des commentaires.<\/li><li>Demandez-lui de ne plus tenir de tels propos.<\/li><\/ul>\n\n\n\n<p><strong>Le harc\u00e8lement ne s\u2019arr\u00eate pas<\/strong><\/p>\n\n\n\n<ul class=\"wp-block-list\"><li>Lorsque ces d\u00e9clarations rel\u00e8vent du droit p\u00e9nal (insulte, diffamation, menaces, etc.), vous pouvez d\u00e9poser une plainte aupr\u00e8s des services de police. Dans ce cas, vous devez pouvoir fournir des \u00e9l\u00e9ments de preuve (captures d\u2019\u00e9cran).<\/li><li>Si vos enfants sont victimes de harc\u00e8lement \u00e0 l\u2019\u00e9cole, discutez des d\u00e9marches ult\u00e9rieures avec la direction.<\/li><\/ul>\n\n\n\n<p><strong>Le harc\u00e8lement g\u00e9n\u00e8re un stress psychologique consid\u00e9rable. Faites-vous aider:<\/strong><strong><\/strong><\/p>\n\n\n\n<p>Vous trouverez des informations sur des groupes d\u2019entraide \u00e0 l\u2019adresse <a href=\"http:\/\/www.selbsthilfeschweiz.ch\" target=\"_blank\" rel=\"noreferrer noopener\">www.infoentraidesuisse.ch<\/a> ou sur la centrale contre le harc\u00e8lement <a href=\"http:\/\/www.mobbing-zentrale.ch\" target=\"_blank\" rel=\"noreferrer noopener\">www.mobbing-zentrale.ch<\/a>.<\/p>\n\n\n\n<p>Notre assurance Cyber pour particuliers vous int\u00e9resse? Nous pouvons vous conseiller. Vous trouverez toutes les informations sur notre produit ici: <a href=\"http:\/\/axa.ch\/cyber\" target=\"_blank\" rel=\"noreferrer noopener\">http:\/\/axa.ch\/cyber<\/a>.<\/p>\n","protected":false},"excerpt":{"rendered":"<p>Vous \u00eates victime de cyberharc\u00e8lement? Voici ce que vous pouvez faire: Dans des groupes de discussion \u00absemi-priv\u00e9s\u00bb comme WhatsApp: Faites imp\u00e9rativement une capture d\u2019\u00e9cran du commentaire haineux. Le nom de la plate-forme, le commentaire ainsi que la date et l\u2019heure de ce dernier doivent y \u00eatre visibles. Ces \u00e9l\u00e9ments peuvent se r\u00e9v\u00e9ler importants si de [&hellip;]<\/p>\n","protected":false},"author":2,"featured_media":2235,"comment_status":"closed","ping_status":"open","sticky":false,"template":"","format":"standard","meta":{"_acf_changed":false,"footnotes":""},"categories":[39,76],"tags":[],"class_list":["post-2304","post","type-post","status-publish","format-standard","has-post-thumbnail","hentry","category-bullying-fr","category-freemium-fr"],"acf":[],"_links":{"self":[{"href":"https:\/\/silenccio.axa.ch\/fr\/wp-json\/wp\/v2\/posts\/2304","targetHints":{"allow":["GET"]}}],"collection":[{"href":"https:\/\/silenccio.axa.ch\/fr\/wp-json\/wp\/v2\/posts"}],"about":[{"href":"https:\/\/silenccio.axa.ch\/fr\/wp-json\/wp\/v2\/types\/post"}],"author":[{"embeddable":true,"href":"https:\/\/silenccio.axa.ch\/fr\/wp-json\/wp\/v2\/users\/2"}],"replies":[{"embeddable":true,"href":"https:\/\/silenccio.axa.ch\/fr\/wp-json\/wp\/v2\/comments?post=2304"}],"version-history":[{"count":5,"href":"https:\/\/silenccio.axa.ch\/fr\/wp-json\/wp\/v2\/posts\/2304\/revisions"}],"predecessor-version":[{"id":2462,"href":"https:\/\/silenccio.axa.ch\/fr\/wp-json\/wp\/v2\/posts\/2304\/revisions\/2462"}],"wp:featuredmedia":[{"embeddable":true,"href":"https:\/\/silenccio.axa.ch\/fr\/wp-json\/wp\/v2\/media\/2235"}],"wp:attachment":[{"href":"https:\/\/silenccio.axa.ch\/fr\/wp-json\/wp\/v2\/media?parent=2304"}],"wp:term":[{"taxonomy":"category","embeddable":true,"href":"https:\/\/silenccio.axa.ch\/fr\/wp-json\/wp\/v2\/categories?post=2304"},{"taxonomy":"post_tag","embeddable":true,"href":"https:\/\/silenccio.axa.ch\/fr\/wp-json\/wp\/v2\/tags?post=2304"}],"curies":[{"name":"wp","href":"https:\/\/api.w.org\/{rel}","templated":true}]}}